{"id":2026,"date":"2023-11-09T14:24:00","date_gmt":"2023-11-09T13:24:00","guid":{"rendered":"https:\/\/www.blomberger-buendnis.org\/?p=2026"},"modified":"2024-01-11T10:14:09","modified_gmt":"2024-01-11T09:14:09","slug":"pressemitteilung-vortrag-andrea-roepke","status":"publish","type":"post","link":"https:\/\/www.blomberger-buendnis.org\/index.php\/2023\/11\/09\/pressemitteilung-vortrag-andrea-roepke\/","title":{"rendered":"Vortrag von Andrea R\u00f6pke zeigt die Vernetzung und die Gefahren durch Akteure der extremen Rechten \u2013 und macht allen engagierten Menschen Mut."},"content":{"rendered":"\t\t<div data-elementor-type=\"wp-post\" data-elementor-id=\"2026\" class=\"elementor elementor-2026\">\n\t\t\t\t\t\t<section class=\"elementor-section elementor-top-section elementor-element elementor-element-12324411 elementor-section-boxed elementor-section-height-default elementor-section-height-default\" data-id=\"12324411\" data-element_type=\"section\" data-e-type=\"section\">\n\t\t\t\t\t\t<div class=\"elementor-container elementor-column-gap-default\">\n\t\t\t\t\t<div class=\"elementor-column elementor-col-100 elementor-top-column elementor-element elementor-element-7678ad60\" data-id=\"7678ad60\" data-element_type=\"column\" data-e-type=\"column\">\n\t\t\t<div class=\"elementor-widget-wrap elementor-element-populated\">\n\t\t\t\t\t\t<div class=\"elementor-element elementor-element-7a9206d elementor-widget elementor-widget-heading\" data-id=\"7a9206d\" data-element_type=\"widget\" data-e-type=\"widget\" data-widget_type=\"heading.default\">\n\t\t\t\t<div class=\"elementor-widget-container\">\n\t\t\t\t\t<h2 class=\"elementor-heading-title elementor-size-default\">Vortrag von Andrea R\u00f6pke zeigt die Vernetzung und die Gefahren durch Akteure der extremen Rechten \u2013 und macht allen engagierten Menschen Mut.<\/h2>\t\t\t\t<\/div>\n\t\t\t\t<\/div>\n\t\t\t\t<div class=\"elementor-element elementor-element-5173e332 elementor-widget elementor-widget-text-editor\" data-id=\"5173e332\" data-element_type=\"widget\" data-e-type=\"widget\" data-widget_type=\"text-editor.default\">\n\t\t\t\t<div class=\"elementor-widget-container\">\n\t\t\t\t\t\t\t\t\t<p>Das Blomberger B\u00fcndnis ist gl\u00fccklich \u00fcber den gro\u00dfen Zuspruch, den der Vortrag von Andrea R\u00f6pke am 8.11.2023 in der Alten Meierei in Blomberg erfahren hat.<\/p><p>Andrea R\u00f6pke hat die \u00fcber Jahre gefestigten Strukturen der extremen Rechten in OWL deutlich aufgezeigt. Es ist offensichtlich, wie eine Szene, die lange Zeit eher konspirativ und im Verborgenen agierte, seit einigen Jahren ganz offensiv und \u00f6ffentlich um neue Milieus und Anh\u00e4nger wirbt.<\/p><p>Das Clubhaus Timm Kellners in Tintrup ist dabei innerhalb k\u00fcrzester Zeit zu einem zentralen und \u00f6ffentlichen Ort der Vernetzung rechtsextremer Akteure geworden. F\u00fcr eine Szene, die vor allem im Internet ihren Hass und ihren Gewaltphantasien ganz unverbl\u00fcmt freien Lauf l\u00e4sst, kann die Bedeutung und Strahlkraft solcher Orte nicht hoch genug eingesch\u00e4tzt werden.<\/p><p>Es bleibt nach dem Vortrag einmal mehr unverst\u00e4ndlich, warum der Verfassungsschutz NRW im Fall Timm Kellners auf das unverst\u00e4ndliche Konstrukt der Delegitimierungsszene setzt. Stattdessen sollten die eindeutig sichtbaren Beziehungen und die mittlerweile bedeutende Rolle Timm Kellners in der rechtsextremen Szene klar benannt und verfolgt werden.<\/p><p>Aber auch die Zivilgesellschaft ist gefordert und aufgerufen, sich extrem rechten Tendenzen mit aller Deutlichkeit entgegen zu stellen und unser solidarisches gesellschaftliches Leben zu erhalten und zu st\u00e4rken \u2013 auch das war ein Fazit des Abends.<\/p><p>Am 10.12.2023 um 14:00 Uhr gibt es in der Detmolder Innenstadt zum Tag der Menschenrechte die n\u00e4chste Gelegenheit, deutlich sichtbar gemeinsam f\u00fcr demokratische Werte und ein solidarisches und vorurteilsfreies Miteinander einzutreten.<\/p><p>Es macht gro\u00dfen Mut und begeistert, wie sich innerhalb k\u00fcrzester Zeit bereits 16 Institutionen und Vereine zum Blomberger B\u00fcndnis zusammengeschlossen haben und wie viel Zuspruch das B\u00fcndnis durch Privatpersonen erf\u00e4hrt. Ein gro\u00dfes Dankesch\u00f6n an alle, die bereits dabei sind!<\/p>\t\t\t\t\t\t\t\t<\/div>\n\t\t\t\t<\/div>\n\t\t\t\t\t<\/div>\n\t\t<\/div>\n\t\t\t\t\t<\/div>\n\t\t<\/section>\n\t\t\t\t<\/div>\n\t\t","protected":false},"excerpt":{"rendered":"<p>Vortrag von Andrea R\u00f6pke zeigt die Vernetzung und die Gefahren durch Akteure der extremen Rechten \u2013 und macht allen engagierten Menschen Mut. Das Blomberger B\u00fcndnis ist gl\u00fccklich \u00fcber den gro\u00dfen Zuspruch, den der Vortrag von Andrea R\u00f6pke am 8.11.2023 in der Alten Meierei in Blomberg erfahren hat. Andrea R\u00f6pke hat [&hellip;]<\/p>\n","protected":false},"author":2,"featured_media":0,"comment_status":"closed","ping_status":"closed","sticky":false,"template":"","format":"standard","meta":{"footnotes":""},"categories":[7,55],"tags":[72,66,62,69,67,71,80,68],"class_list":["post-2026","post","type-post","status-publish","format-standard","hentry","category-presse","category-pressemeldung","tag-alte-meierei","tag-andrea-roepke","tag-blomberg","tag-buerger","tag-information","tag-mbr-owl","tag-mobile-beratung-gegen-rechtsextremismus-owl","tag-veranstaltung"],"_links":{"self":[{"href":"https:\/\/www.blomberger-buendnis.org\/index.php\/wp-json\/wp\/v2\/posts\/2026","targetHints":{"allow":["GET"]}}],"collection":[{"href":"https:\/\/www.blomberger-buendnis.org\/index.php\/wp-json\/wp\/v2\/posts"}],"about":[{"href":"https:\/\/www.blomberger-buendnis.org\/index.php\/wp-json\/wp\/v2\/types\/post"}],"author":[{"embeddable":true,"href":"https:\/\/www.blomberger-buendnis.org\/index.php\/wp-json\/wp\/v2\/users\/2"}],"replies":[{"embeddable":true,"href":"https:\/\/www.blomberger-buendnis.org\/index.php\/wp-json\/wp\/v2\/comments?post=2026"}],"version-history":[{"count":37,"href":"https:\/\/www.blomberger-buendnis.org\/index.php\/wp-json\/wp\/v2\/posts\/2026\/revisions"}],"predecessor-version":[{"id":2305,"href":"https:\/\/www.blomberger-buendnis.org\/index.php\/wp-json\/wp\/v2\/posts\/2026\/revisions\/2305"}],"wp:attachment":[{"href":"https:\/\/www.blomberger-buendnis.org\/index.php\/wp-json\/wp\/v2\/media?parent=2026"}],"wp:term":[{"taxonomy":"category","embeddable":true,"href":"https:\/\/www.blomberger-buendnis.org\/index.php\/wp-json\/wp\/v2\/categories?post=2026"},{"taxonomy":"post_tag","embeddable":true,"href":"https:\/\/www.blomberger-buendnis.org\/index.php\/wp-json\/wp\/v2\/tags?post=2026"}],"curies":[{"name":"wp","href":"https:\/\/api.w.org\/{rel}","templated":true}]}}